{"id":2600,"date":"2025-10-23T12:19:16","date_gmt":"2025-10-23T12:19:16","guid":{"rendered":"https:\/\/zmm.lt\/?p=2600"},"modified":"2025-12-08T09:50:18","modified_gmt":"2025-12-08T09:50:18","slug":"2026-m-sausio-9-d-zarasu-fausto-lateno-meno-mokykloje-vyks-pirmasis-dainu-dainele-2026-etapas-kvieciame-registruotis","status":"publish","type":"post","link":"https:\/\/zmm.lt\/?p=2600","title":{"rendered":"2026 m. sausio 9 d. Zaras\u0173 Fausto Lat\u0117no meno mokykloje vyks pirmasis &#8220;Dain\u0173 dainel\u0117 2026&#8221; etapas. Kvie\u010diame registruotis"},"content":{"rendered":"\n<p>Kvie\u010diame registruotis ir si\u0173sti dalyvi\u0173 anketas \u012f Lietuvos vaik\u0173 ir moksleivi\u0173 televizijos konkurso \u201eDain\u0173 dainel\u0117\u201c 2026 m. I etapo konkursin\u0119 atrank\u0105, kuri vyks 2026 m. sausio 9 d. Zaras\u0173 Fausto Lat\u0117no meno mokykloje. <\/p>\n\n\n\n<p>Daugiau informacijos ir dalyvi\u0173 anket\u0173 formas rasite:<\/p>\n\n\n\n<p><a href=\"https:\/\/dainudainele.lt\/lt\">https:\/\/dainudainele.lt\/lt<\/a><\/p>\n\n\n\n<p>U\u017epildytas dalyvi\u0173 anketas pra\u0161ome si\u0173sti el, pa\u0161tu: jurate.staceviciute@zmm.lt<\/p>\n\n\n\n<figure class=\"wp-block-image size-large\"><img fetchpriority=\"high\" decoding=\"async\" width=\"1024\" height=\"1024\" src=\"https:\/\/zmm.lt\/wp-content\/uploads\/2025\/10\/dainu-dainele_2026-1024x1024.png\" alt=\"\" class=\"wp-image-2601\" srcset=\"https:\/\/zmm.lt\/wp-content\/uploads\/2025\/10\/dainu-dainele_2026-1024x1024.png 1024w, https:\/\/zmm.lt\/wp-content\/uploads\/2025\/10\/dainu-dainele_2026-300x300.png 300w, https:\/\/zmm.lt\/wp-content\/uploads\/2025\/10\/dainu-dainele_2026-150x150.png 150w, https:\/\/zmm.lt\/wp-content\/uploads\/2025\/10\/dainu-dainele_2026-768x768.png 768w, https:\/\/zmm.lt\/wp-content\/uploads\/2025\/10\/dainu-dainele_2026-1536x1536.png 1536w, https:\/\/zmm.lt\/wp-content\/uploads\/2025\/10\/dainu-dainele_2026.png 1654w\" sizes=\"(max-width: 1024px) 100vw, 1024px\" \/><\/figure>\n","protected":false},"excerpt":{"rendered":"<p>Kvie\u010diame registruotis ir si\u0173sti dalyvi\u0173 anketas \u012f Lietuvos vaik\u0173 ir moksleivi\u0173 televizijos konkurso \u201eDain\u0173 dainel\u0117\u201c 2026 m. I etapo konkursin\u0119 atrank\u0105, kuri vyks 2026 m. sausio 9 d. Zaras\u0173 Fausto Lat\u0117no meno mokykloje. Daugiau informacijos ir dalyvi\u0173 anket\u0173 formas rasite: https:\/\/dainudainele.lt\/lt U\u017epildytas dalyvi\u0173 anketas pra\u0161ome si\u0173sti el, pa\u0161tu: jurate.staceviciute@zmm.lt<\/p>\n","protected":false},"author":3,"featured_media":2601,"comment_status":"closed","ping_status":"closed","sticky":false,"template":"","format":"standard","meta":{"footnotes":""},"categories":[1],"tags":[],"class_list":["post-2600","post","type-post","status-publish","format-standard","has-post-thumbnail","hentry","category-uncategorized"],"_links":{"self":[{"href":"https:\/\/zmm.lt\/index.php?rest_route=\/wp\/v2\/posts\/2600","targetHints":{"allow":["GET"]}}],"collection":[{"href":"https:\/\/zmm.lt\/index.php?rest_route=\/wp\/v2\/posts"}],"about":[{"href":"https:\/\/zmm.lt\/index.php?rest_route=\/wp\/v2\/types\/post"}],"author":[{"embeddable":true,"href":"https:\/\/zmm.lt\/index.php?rest_route=\/wp\/v2\/users\/3"}],"replies":[{"embeddable":true,"href":"https:\/\/zmm.lt\/index.php?rest_route=%2Fwp%2Fv2%2Fcomments&post=2600"}],"version-history":[{"count":2,"href":"https:\/\/zmm.lt\/index.php?rest_route=\/wp\/v2\/posts\/2600\/revisions"}],"predecessor-version":[{"id":2609,"href":"https:\/\/zmm.lt\/index.php?rest_route=\/wp\/v2\/posts\/2600\/revisions\/2609"}],"wp:featuredmedia":[{"embeddable":true,"href":"https:\/\/zmm.lt\/index.php?rest_route=\/wp\/v2\/media\/2601"}],"wp:attachment":[{"href":"https:\/\/zmm.lt\/index.php?rest_route=%2Fwp%2Fv2%2Fmedia&parent=2600"}],"wp:term":[{"taxonomy":"category","embeddable":true,"href":"https:\/\/zmm.lt\/index.php?rest_route=%2Fwp%2Fv2%2Fcategories&post=2600"},{"taxonomy":"post_tag","embeddable":true,"href":"https:\/\/zmm.lt\/index.php?rest_route=%2Fwp%2Fv2%2Ftags&post=2600"}],"curies":[{"name":"wp","href":"https:\/\/api.w.org\/{rel}","templated":true}]}}