{"id":1511,"date":"2023-11-20T12:30:25","date_gmt":"2023-11-20T12:30:25","guid":{"rendered":"https:\/\/zmm.lt\/?p=1511"},"modified":"2023-11-27T13:18:11","modified_gmt":"2023-11-27T13:18:11","slug":"2023-m-ziemos-renginiai-zarasu-fausto-lateno-meno-mokykloje","status":"publish","type":"post","link":"https:\/\/zmm.lt\/?p=1511","title":{"rendered":"2023 m. \u017dIEMOS RENGINIAI ZARAS\u0172 FAUSTO LAT\u0116NO MENO MOKYKLOJE"},"content":{"rendered":"\n<figure class=\"wp-block-table\"><table class=\"has-light-gray-color has-text-color\"><tbody><tr><td><strong>Data<\/strong><\/td><td><strong>Vieta<\/strong><\/td><td><strong>Laikas<\/strong><\/td><td><strong>Renginys<\/strong><\/td><\/tr><tr><td>Lapkri\u010dio 21<\/td><td>Zarasuose, dar\u017eelyje<\/td><td>15:00<\/td><td>Mokytojos Petron\u0117s Sekonien\u0117s l\u0117li\u0173 teatriuko pasirodymas<\/td><\/tr><tr><td><strong>Lapkri\u010dio 22<\/strong><\/td><td>Zarasuose<\/td><td>&nbsp;<\/td><td>Pianist\u0173 seminaras \u201eI\u0161tieskime rank\u0105 jaunajam talentui\u201c, MASTER DAYS, mokytoja ekspert\u0117 Danguol\u0117 Petra\u0161i\u016bnien\u0117<\/td><\/tr><tr><td><strong>Lapkri\u010dio 25<\/strong><\/td><td>Kaune<\/td><td>&nbsp;<\/td><td>Pianist\u0173 \u201eMaratonas\u201c, mokytoja&nbsp; Danguol\u0117 Petra\u0161i\u016bnien\u0117<\/td><\/tr><tr><td><strong>Lapkri\u010dio 29<\/strong><\/td><td>Zarasuose<\/td><td>&nbsp;<\/td><td>Pirmok\u0173 \u201ekrik\u0161tynos\u201c<\/td><\/tr><tr><td><strong>Gruod\u017eio 01<\/strong><\/td><td>Vienoje<\/td><td>&nbsp;<\/td><td>Pianist\u0173 konkursas, mokytoja&nbsp; Danguol\u0117 Petra\u0161i\u016bnien\u0117<\/td><\/tr><tr><td><strong>Gruod\u017eio 01<\/strong><\/td><td>Utenoje<\/td><td>&nbsp;<\/td><td>\u201eAuk\u0161taitijos viltys\u201c muzikant\u0173 ir dailinink\u0173 konkursas<\/td><\/tr><tr><td><strong>Gruod\u017eio 06<\/strong><\/td><td><strong>Zarasuose,&nbsp; sal\u0117je<\/strong><\/td><td><strong>16:00<\/strong><\/td><td><strong>Chor\u0173 bei mokytoj\u0173 Vidos Buivien\u0117s, J\u016brat\u0117s Stacevi\u010di\u016bt\u0117s ir \u0160viesuol\u0117s Venclovait\u0117s mokini\u0173 koncertas<\/strong><\/td><\/tr><tr><td><strong>Gruod\u017eio 07<\/strong><\/td><td>Bir\u017euose<\/td><td>&nbsp;<\/td><td>Fleitinink\u0173 konkursas<\/td><\/tr><tr><td><strong>Gruod\u017eio <\/strong>15<\/td><td><strong>Zarasuose,&nbsp; sal\u0117je<\/strong><\/td><td><strong>16:00<\/strong><\/td><td><strong>\u0160oki\u0173 vakaras, mokytojos Inga Zakarauskien\u0117 ir El\u017ebieta Ju\u0161k\u0117nien\u0117<\/strong><\/td><\/tr><tr><td><strong>Gruod\u017eio 11<\/strong><\/td><td><strong>Zaras\u0173 bibliotekoje<\/strong><\/td><td><strong>17:00<\/strong><\/td><td><strong>\u201eRepas\u201c. Mokytoja Gra\u017eina Karlait\u0117<\/strong><\/td><\/tr><tr><td><strong>Gruod\u017eio 12<\/strong><\/td><td><strong>Zarasuose,&nbsp; sal\u0117je<\/strong><\/td><td><strong>16:00<\/strong><\/td><td><strong>Mokytojos Danguol\u0117s Petra\u0161i\u016bnien\u0117s mokini\u0173 koncertas<\/strong><\/td><\/tr><tr><td><strong>Gruod\u017eio 13<\/strong><\/td><td><strong>&nbsp;<\/strong><\/td><td><strong>&nbsp;<\/strong><\/td><td><strong>Renginys P. \u0160irvio mokykloje \u201eGerumo angelas\u201c<\/strong><\/td><\/tr><tr><td><strong>Gruod\u017eio 14<\/strong><\/td><td><strong>Zarasuose,&nbsp; ba\u017eny\u010dioje<\/strong><\/td><td><strong>17:00<\/strong><\/td><td><strong>Advento koncertas. (Organizuoja mokytoja J\u016brat\u0117 Tum\u0117nien\u0117)<\/strong><\/td><\/tr><tr><td><strong>Gruod\u017eio 15<\/strong><\/td><td><strong>\u0160ven\u010dion\u0117liuose<\/strong><\/td><td><strong>&nbsp;<\/strong><\/td><td><strong>Konkursas \u201e\u017diemos pasaka\u201c<\/strong><\/td><\/tr><tr><td><strong>Gruod\u017eio 18<\/strong><\/td><td><strong>Zarasuose<\/strong><\/td><td><strong>16:45<\/strong><\/td><td><strong>Dail\u0117s per\u017ei\u016bros. 1 kl.<\/strong><\/td><\/tr><tr><td><strong>Gruod\u017eio 18<\/strong><\/td><td><strong>Zarasuose,&nbsp; sal\u0117je<\/strong><\/td><td><strong>16:00<\/strong><\/td><td><strong>Mokytoj\u0173 Albinos Pu\u010dkien\u0117s, Dangiros Zavackien\u0117s, Giedriaus Lazdausko mokini\u0173 koncertas<\/strong><\/td><\/tr><tr><td><strong>Gruod\u017eio 19<\/strong><strong><\/strong><\/td><td><strong>Zarasuose<\/strong><strong><\/strong><\/td><td><strong>15:00<\/strong> <strong>16:45<\/strong><strong><\/strong><\/td><td><strong>Dail\u0117s per\u017ei\u016bros. 2 kl.<\/strong> <strong>Dail\u0117s per\u017ei\u016bros. 4 kl.<\/strong><\/td><\/tr><tr><td><strong>Gruod\u017eio 19<\/strong><\/td><td><strong>Zarasuose,&nbsp; sal\u0117je<\/strong><\/td><td><strong>16:00<\/strong><\/td><td><strong>Mokytoj\u0173 Maksim Bendelston ir Violetos Cvirkait\u0117s Bendelston mokini\u0173 koncertas<\/strong><\/td><\/tr><tr><td><strong>Gruod\u017eio 20<\/strong><\/td><td><strong>Zarasuose,&nbsp; sal\u0117je<\/strong><\/td><td><strong>16:00<\/strong><\/td><td><strong>Mokytojo Vladimir Mazniov mokini\u0173 koncertas<\/strong><\/td><\/tr><tr><td><strong>Gruod\u017eio 20<\/strong><strong><\/strong><\/td><td><strong>Zarasuose<\/strong><strong><\/strong><\/td><td><strong>15:30<\/strong> <strong>16:00<\/strong><strong><\/strong><\/td><td><strong>Dail\u0117s per\u017ei\u016bros. 5 kl.<\/strong> <strong>Dail\u0117s per\u017ei\u016bros. 7 kl. <\/strong><strong><\/strong><\/td><\/tr><tr><td><strong>Gruod\u017eio 21<\/strong><\/td><td><strong>Zarasuose,&nbsp; sal\u0117je<\/strong><\/td><td><strong>16:00<\/strong><\/td><td><strong>Mokytoj\u0173 Liudmilos Vorobjovos ir J\u016brat\u0117s Tum\u0117nien\u0117s mokini\u0173 koncertas<\/strong><\/td><\/tr><tr><td><strong>Gruod\u017eio 21<\/strong><\/td><td><strong>Zarasuose,&nbsp; bibliotekoje<\/strong><\/td><td><strong>17:00<\/strong><\/td><td><strong>\u201eLai\u0161kas \u017eiemai\u201c. Mokytoja Gra\u017eina Karlait\u0117<\/strong><\/td><\/tr><\/tbody><\/table><\/figure>\n\n\n\n<figure class=\"wp-block-image size-large\"><img fetchpriority=\"high\" decoding=\"async\" width=\"1024\" height=\"768\" src=\"https:\/\/zmm.lt\/wp-content\/uploads\/2023\/11\/Kaledu-renginiu-plakatas-3-1024x768.jpg\" alt=\"\" class=\"wp-image-1527\" srcset=\"https:\/\/zmm.lt\/wp-content\/uploads\/2023\/11\/Kaledu-renginiu-plakatas-3-1024x768.jpg 1024w, https:\/\/zmm.lt\/wp-content\/uploads\/2023\/11\/Kaledu-renginiu-plakatas-3-300x225.jpg 300w, https:\/\/zmm.lt\/wp-content\/uploads\/2023\/11\/Kaledu-renginiu-plakatas-3-768x576.jpg 768w, https:\/\/zmm.lt\/wp-content\/uploads\/2023\/11\/Kaledu-renginiu-plakatas-3-1536x1152.jpg 1536w, https:\/\/zmm.lt\/wp-content\/uploads\/2023\/11\/Kaledu-renginiu-plakatas-3-2048x1536.jpg 2048w\" sizes=\"(max-width: 1024px) 100vw, 1024px\" \/><\/figure>\n\n\n\n<p><strong>2023 m. GRUOD\u017dIO M\u0116N. renginiai DUSET\u0172 MENO SKYRIUJE<\/strong><\/p>\n\n\n\n<figure class=\"wp-block-table\"><table class=\"has-light-gray-color has-text-color\"><tbody><tr><td><strong>Gruod\u017eio 12<\/strong><strong><\/strong><\/td><td><strong>Dusetose<\/strong><strong><\/strong><\/td><td><strong>Nuo 14 val.<\/strong><\/td><td><strong>Dail\u0117s per\u017ei\u016bros<\/strong><strong><\/strong><\/td><\/tr><tr><td><strong>Gruod\u017eio 13<\/strong><\/td><td><strong>Dusetose, sal\u0117je<\/strong><\/td><td><strong>16:00<\/strong><\/td><td><strong>Mokytojos Evelinos Akatjevos mokini\u0173 koncertas<\/strong><\/td><\/tr><tr><td><strong>Gruod\u017eio 14<\/strong><\/td><td><strong>Dusetose, sal\u0117je<\/strong><\/td><td><strong>15:00<\/strong><\/td><td><strong>Vokalo ir akordeono mokini\u0173 koncertas. Mokytojos Egl\u0117 Kuzmien\u0117 ir Renata Buz\u0117nait\u0117<\/strong><\/td><\/tr><tr><td><strong>Gruod\u017eio 15<\/strong><strong><\/strong><\/td><td><strong>Dusetose, sal\u0117je<\/strong><strong><\/strong><\/td><td><strong>15:00<\/strong><\/td><td><strong>Fortepijono ir akordeono mokini\u0173 koncertas. Mokytojos Dalia Daniu\u0161ien\u0117 ir Rita Povilaityt\u0117<\/strong><strong><\/strong><\/td><\/tr><tr><td><strong>Gruod\u017eio 19<\/strong><\/td><td><strong>Dusetose, sal\u0117je<\/strong><\/td><td><strong>14:30<\/strong><\/td><td><strong>Pirmok\u0173 \u201ekrik\u0161tynos\u201c<\/strong><\/td><\/tr><tr><td><strong>Gruod\u017eio 20<\/strong><\/td><td><strong>Dusetose<\/strong><\/td><td><strong>12:00<\/strong><\/td><td><strong>MIUZIKLAS<\/strong><\/td><\/tr><\/tbody><\/table><\/figure>\n\n\n\n<figure class=\"wp-block-gallery has-nested-images columns-default is-cropped wp-block-gallery-1 is-layout-flex wp-block-gallery-is-layout-flex\"><\/figure>\n\n\n\n<figure class=\"wp-block-gallery has-nested-images columns-default is-cropped wp-block-gallery-2 is-layout-flex wp-block-gallery-is-layout-flex\"><\/figure>\n\n\n\n<figure class=\"wp-block-gallery has-nested-images columns-default is-cropped wp-block-gallery-3 is-layout-flex wp-block-gallery-is-layout-flex\"><\/figure>\n\n\n\n<figure class=\"wp-block-gallery has-nested-images columns-default is-cropped wp-block-gallery-4 is-layout-flex wp-block-gallery-is-layout-flex\"><\/figure>\n\n\n","protected":false},"excerpt":{"rendered":"<p>Data Vieta Laikas Renginys Lapkri\u010dio 21 Zarasuose, dar\u017eelyje 15:00 Mokytojos Petron\u0117s Sekonien\u0117s l\u0117li\u0173 teatriuko pasirodymas Lapkri\u010dio 22 Zarasuose &nbsp; Pianist\u0173 seminaras \u201eI\u0161tieskime rank\u0105 jaunajam talentui\u201c, MASTER DAYS, mokytoja ekspert\u0117 Danguol\u0117 Petra\u0161i\u016bnien\u0117 Lapkri\u010dio 25 Kaune &nbsp; Pianist\u0173 \u201eMaratonas\u201c, mokytoja&nbsp; Danguol\u0117 Petra\u0161i\u016bnien\u0117 Lapkri\u010dio 29 Zarasuose &nbsp; Pirmok\u0173 \u201ekrik\u0161tynos\u201c Gruod\u017eio 01 Vienoje &nbsp; Pianist\u0173 konkursas, mokytoja&nbsp; Danguol\u0117 Petra\u0161i\u016bnien\u0117 &hellip; <a href=\"https:\/\/zmm.lt\/?p=1511\" class=\"more-link\">Continue reading <span class=\"screen-reader-text\">2023 m. \u017dIEMOS RENGINIAI ZARAS\u0172 FAUSTO LAT\u0116NO MENO MOKYKLOJE<\/span> <span class=\"meta-nav\">&rarr;<\/span><\/a><\/p>\n","protected":false},"author":1,"featured_media":1525,"comment_status":"open","ping_status":"closed","sticky":false,"template":"","format":"standard","meta":{"footnotes":""},"categories":[1],"tags":[],"class_list":["post-1511","post","type-post","status-publish","format-standard","has-post-thumbnail","hentry","category-uncategorized"],"_links":{"self":[{"href":"https:\/\/zmm.lt\/index.php?rest_route=\/wp\/v2\/posts\/1511","targetHints":{"allow":["GET"]}}],"collection":[{"href":"https:\/\/zmm.lt\/index.php?rest_route=\/wp\/v2\/posts"}],"about":[{"href":"https:\/\/zmm.lt\/index.php?rest_route=\/wp\/v2\/types\/post"}],"author":[{"embeddable":true,"href":"https:\/\/zmm.lt\/index.php?rest_route=\/wp\/v2\/users\/1"}],"replies":[{"embeddable":true,"href":"https:\/\/zmm.lt\/index.php?rest_route=%2Fwp%2Fv2%2Fcomments&post=1511"}],"version-history":[{"count":8,"href":"https:\/\/zmm.lt\/index.php?rest_route=\/wp\/v2\/posts\/1511\/revisions"}],"predecessor-version":[{"id":1530,"href":"https:\/\/zmm.lt\/index.php?rest_route=\/wp\/v2\/posts\/1511\/revisions\/1530"}],"wp:featuredmedia":[{"embeddable":true,"href":"https:\/\/zmm.lt\/index.php?rest_route=\/wp\/v2\/media\/1525"}],"wp:attachment":[{"href":"https:\/\/zmm.lt\/index.php?rest_route=%2Fwp%2Fv2%2Fmedia&parent=1511"}],"wp:term":[{"taxonomy":"category","embeddable":true,"href":"https:\/\/zmm.lt\/index.php?rest_route=%2Fwp%2Fv2%2Fcategories&post=1511"},{"taxonomy":"post_tag","embeddable":true,"href":"https:\/\/zmm.lt\/index.php?rest_route=%2Fwp%2Fv2%2Ftags&post=1511"}],"curies":[{"name":"wp","href":"https:\/\/api.w.org\/{rel}","templated":true}]}}