{"id":1463,"date":"2023-09-06T11:29:58","date_gmt":"2023-09-06T11:29:58","guid":{"rendered":"https:\/\/zmm.lt\/?p=1463"},"modified":"2023-09-13T13:03:19","modified_gmt":"2023-09-13T13:03:19","slug":"tvarkarasciai-2023-2024","status":"publish","type":"post","link":"https:\/\/zmm.lt\/?p=1463","title":{"rendered":"TVARKARA\u0160\u010cIAI 2023 &#8211; 2024"},"content":{"rendered":"\n<p><strong>Dalinam\u0117s atnaujintais Zaras\u0173 dail\u0117s, \u0161okio ir muzikos skyri\u0173 tvarkara\u0161\u010diais<\/strong><\/p>\n\n\n\n<div class=\"wp-block-file\"><a id=\"wp-block-file--media-4b3d14c3-2034-49bb-adf7-8f8aa2deb949\" href=\"https:\/\/zmm.lt\/wp-content\/uploads\/2023\/09\/NUO-09-11\u2013-geras.doc\">DAIL\u0116S SKYRIUS NUO-09-11\u2013-geras<\/a><a href=\"https:\/\/zmm.lt\/wp-content\/uploads\/2023\/09\/NUO-09-11\u2013-geras.doc\" class=\"wp-block-file__button wp-element-button\" download aria-describedby=\"wp-block-file--media-4b3d14c3-2034-49bb-adf7-8f8aa2deb949\">Download<\/a><\/div>\n\n\n\n<div class=\"wp-block-file\"><a id=\"wp-block-file--media-90a62679-d00c-4ac4-936c-f96f4f8f5876\" href=\"https:\/\/zmm.lt\/wp-content\/uploads\/2023\/09\/ZMM-SOKIO-TVARKARASTIS-NUO-09-06-1.doc\">ZMM-SOKIO-TVARKARASTIS-NUO-09-06-1<\/a><a href=\"https:\/\/zmm.lt\/wp-content\/uploads\/2023\/09\/ZMM-SOKIO-TVARKARASTIS-NUO-09-06-1.doc\" class=\"wp-block-file__button wp-element-button\" download aria-describedby=\"wp-block-file--media-90a62679-d00c-4ac4-936c-f96f4f8f5876\">Download<\/a><\/div>\n\n\n\n<div class=\"wp-block-file\"><a id=\"wp-block-file--media-f599f276-2c22-49c3-9f0f-083602705726\" href=\"https:\/\/zmm.lt\/wp-content\/uploads\/2023\/09\/ZMM-MUZIKOS-TVARKARASTIS-NUO-09-11.doc\">ZMM-MUZIKOS-TVARKARASTIS-NUO-09-11<\/a><a href=\"https:\/\/zmm.lt\/wp-content\/uploads\/2023\/09\/ZMM-MUZIKOS-TVARKARASTIS-NUO-09-11.doc\" class=\"wp-block-file__button wp-element-button\" download aria-describedby=\"wp-block-file--media-f599f276-2c22-49c3-9f0f-083602705726\">Download<\/a><\/div>\n\n\n\n<p>Da\u017enai vaikas lanko ne vien\u0105 u\u017esi\u0117mim\u0105, tod\u0117l rekomenduojame sura\u0161yti visas pamokas \u012f individual\u0173 tvarkara\u0161t\u012f &#8211; patogi forma prisegta \u017eemiau. (Jei sunku susigaudyti  &#8211; papra\u0161ykite mokytoj\u0173, kad pad\u0117t\u0173 sura\u0161yti visus u\u017esi\u0117mimus.)<\/p>\n\n\n\n<div class=\"wp-block-file\"><a id=\"wp-block-file--media-70ce90cf-6e66-4689-a888-5d493f5f2b70\" href=\"https:\/\/zmm.lt\/wp-content\/uploads\/2023\/09\/mano-vaiko-tvarkarastis-1.doc\">mano-vaiko-tvarkarastis-1<\/a><a href=\"https:\/\/zmm.lt\/wp-content\/uploads\/2023\/09\/mano-vaiko-tvarkarastis-1.doc\" class=\"wp-block-file__button wp-element-button\" download aria-describedby=\"wp-block-file--media-70ce90cf-6e66-4689-a888-5d493f5f2b70\">Download<\/a><\/div>\n\n\n\n<p><\/p>\n\n\n\n<p>Ritmikos studija &#8220;Ritmiukai&#8221; ma\u017eiesiems vyks TRE\u010cIADIENIAIS nuo 13:20 (dvi pamok\u0117l\u0117s)<\/p>\n\n\n\n<p>Vokalinio anksamblio &#8220;Lunga&#8221; neformali\u0173 grupi\u0173 u\u017esi\u0117mimai vyksta tre\u010diadieniais ir penktadieniais 14:10 (mokytoja Diana Skvar\u010dinskait\u0117)<\/p>\n\n\n\n<p>Teatro studijos &#8220;Stogas&#8221; u\u017esi\u0117mimai &#8211; antradieniais ir penktadieniais nuo 14:10 (mokytoja Gra\u017eina Karlait\u0117) <\/p>\n\n\n\n<p>Modernios muzikos k\u016brimo studija &#8211; ketvirtadieniais nuo 14:10 (mokytojas Andrius Glu\u0161akovas, d\u0117l v\u0117lesnio laiko galima tartis su mokytoju)<\/p>\n\n\n\n<p>Instrumentinis ansamblis &#8220;Inverso&#8221; &#8211; tre\u010diadieniais nuo 15:00 (mokytoja Dangira Zavackien\u0117)<\/p>\n","protected":false},"excerpt":{"rendered":"<p>Dalinam\u0117s atnaujintais Zaras\u0173 dail\u0117s, \u0161okio ir muzikos skyri\u0173 tvarkara\u0161\u010diais Da\u017enai vaikas lanko ne vien\u0105 u\u017esi\u0117mim\u0105, tod\u0117l rekomenduojame sura\u0161yti visas pamokas \u012f individual\u0173 tvarkara\u0161t\u012f &#8211; patogi forma prisegta \u017eemiau. (Jei sunku susigaudyti &#8211; papra\u0161ykite mokytoj\u0173, kad pad\u0117t\u0173 sura\u0161yti visus u\u017esi\u0117mimus.) Ritmikos studija &#8220;Ritmiukai&#8221; ma\u017eiesiems vyks TRE\u010cIADIENIAIS nuo 13:20 (dvi pamok\u0117l\u0117s) Vokalinio anksamblio &#8220;Lunga&#8221; neformali\u0173 grupi\u0173 u\u017esi\u0117mimai &hellip; <a href=\"https:\/\/zmm.lt\/?p=1463\" class=\"more-link\">Continue reading <span class=\"screen-reader-text\">TVARKARA\u0160\u010cIAI 2023 &#8211; 2024<\/span> <span class=\"meta-nav\">&rarr;<\/span><\/a><\/p>\n","protected":false},"author":1,"featured_media":1473,"comment_status":"open","ping_status":"closed","sticky":false,"template":"","format":"standard","meta":{"footnotes":""},"categories":[1],"tags":[],"class_list":["post-1463","post","type-post","status-publish","format-standard","has-post-thumbnail","hentry","category-uncategorized"],"_links":{"self":[{"href":"https:\/\/zmm.lt\/index.php?rest_route=\/wp\/v2\/posts\/1463","targetHints":{"allow":["GET"]}}],"collection":[{"href":"https:\/\/zmm.lt\/index.php?rest_route=\/wp\/v2\/posts"}],"about":[{"href":"https:\/\/zmm.lt\/index.php?rest_route=\/wp\/v2\/types\/post"}],"author":[{"embeddable":true,"href":"https:\/\/zmm.lt\/index.php?rest_route=\/wp\/v2\/users\/1"}],"replies":[{"embeddable":true,"href":"https:\/\/zmm.lt\/index.php?rest_route=%2Fwp%2Fv2%2Fcomments&post=1463"}],"version-history":[{"count":9,"href":"https:\/\/zmm.lt\/index.php?rest_route=\/wp\/v2\/posts\/1463\/revisions"}],"predecessor-version":[{"id":1489,"href":"https:\/\/zmm.lt\/index.php?rest_route=\/wp\/v2\/posts\/1463\/revisions\/1489"}],"wp:featuredmedia":[{"embeddable":true,"href":"https:\/\/zmm.lt\/index.php?rest_route=\/wp\/v2\/media\/1473"}],"wp:attachment":[{"href":"https:\/\/zmm.lt\/index.php?rest_route=%2Fwp%2Fv2%2Fmedia&parent=1463"}],"wp:term":[{"taxonomy":"category","embeddable":true,"href":"https:\/\/zmm.lt\/index.php?rest_route=%2Fwp%2Fv2%2Fcategories&post=1463"},{"taxonomy":"post_tag","embeddable":true,"href":"https:\/\/zmm.lt\/index.php?rest_route=%2Fwp%2Fv2%2Ftags&post=1463"}],"curies":[{"name":"wp","href":"https:\/\/api.w.org\/{rel}","templated":true}]}}