{"id":1380,"date":"2023-05-24T12:28:16","date_gmt":"2023-05-24T12:28:16","guid":{"rendered":"https:\/\/zmm.lt\/?p=1380"},"modified":"2023-05-24T12:51:48","modified_gmt":"2023-05-24T12:51:48","slug":"kvieciame-balsuoti-uz-meno-soda-zarasuose","status":"publish","type":"post","link":"https:\/\/zmm.lt\/?p=1380","title":{"rendered":"KVIE\u010cIAME BALSUOTI U\u017d &#8220;MENO SODO&#8221; ZARASUOSE DID\u017dIOSIOS SCENOS \u012eRENGIM\u0104"},"content":{"rendered":"\n\n\n<\/p>\n<p><a href=\"https:\/\/www.zarasai.lt\/balsavimas\">https:\/\/www.zarasai.lt\/balsavimas<\/a><\/p>\n<p>Mielieji, \u0161iemet, kaip ir praeitais metais, kvie\u010diame palaikyti m\u016bs\u0173 mokyklos bendruomen\u0117s iniciatyv\u0105 &#8220;Meno sodas&#8221; Zarasuose. Kaip \u017einome, m\u016bs\u0173 vis\u0173 aktyvaus balsavimo d\u0117ka projektas jau yra dalinai \u012fgyvendinamas Zaras\u0173 raj. savivaldyb\u0117s, netrukus tur\u0117t\u0173 b\u016bti prad\u0117ti pirmosios sodo dalies darbai, ta\u010diau visoms id\u0117joms finans\u0173 neu\u017eteks. Tod\u0117l v\u0117l kvie\u010diame balsuoti &#8211; \u0161\u012fkart u\u017e galimyb\u0119 sutvarkyti ir \u012frengti did\u017ei\u0105j\u0105 scen\u0105.<\/p>\n<p>\n\n\n\n<\/p>\n<p>Balsavimas u\u017e 2023 met\u0173 Zaras\u0173 raj. savivaldyb\u0117s dalyvaujamojo biud\u017eeto id\u0117jas vyksta papras\u010diau nei pernai &#8211; tereikia u\u017epildyti savo duomenis. Nuorod\u0105 balsuoti bei projekt\u0173 apra\u0161ymus rasite \u010dia:<\/p>\n<p><a href=\"https:\/\/www.zarasai.lt\/balsavimas\">https:\/\/www.zarasai.lt\/balsavimas<\/a><\/p>\n<p>&#8220;Meno sodas&#8221; &#8211; tai m\u016bs\u0173 mokyklos bendruomen\u0117s iniciatyva, kuri\u0105 \u012fgyvendinti \u012fsipareigojo Zaras\u0173 raj. savivaldyb\u0117 po to, kai 2022 -aisiais laim\u0117jome Zaras\u0173 savivaldyb\u0117s Dalyvaujamojo biud\u017eeto projekt\u0105 (gyventoj\u0173 aktyvaus balsavimo d\u0117ka, iki 40 t\u016bkst. eur. finansavimas skirtas pirmosios sodo dalies \u012fgyvendinimui). Realus projekto \u012fgyvendinimas \u0161iek tiek u\u017etruko d\u0117l vykdom\u0173 miesto \u0161ilumos komunikacij\u0173 tiesimo darb\u0173, ta\u010diau neabejojame, kad savivaldyb\u0117 jau labai greit prad\u0117s darbus.<\/p>\n<p>\n\n\n\n<\/p>\n<p>Pernai buvo parengtas detalus visos teritorijos projektas, su kuriuo mielai kvie\u010diame visus susipa\u017einti \u010dia: <a href=\"https:\/\/zmm.lt\/wp-content\/uploads\/2023\/05\/Meno-sodo-zaliuju-erdviu-plano-parengimas.pdf\">Meno-sodo-zaliuju-erdviu-plano-parengimas<\/a><\/p>\n<p>Sodo projekto autor\u0117 &#8211; mums gerai pa\u017e\u012fstama dizainer\u0117 Inga \u0160idlauskien\u0117, \u012fgyvendinusi ne vien\u0105 nuostab\u0173 sod\u0105, j\u0105 galima sutikti tarptautiniuose moderni\u0173 sod\u0173 seminaruose, i\u0161vysti TV laidose, \u017eurnaluose ir pan..<\/p>\n<p>\n\n\n\n<\/p>\n<p>2023-aisiais ir v\u0117l labai kvie\u010diame palaikyti \u0161i\u0105 iniciatyv\u0105 ir balsuoti u\u017e &#8220;Meno sodo&#8221; did\u017eiosios scenos \u012frengim\u0105. U\u017d GRA\u017dESNIUS ZARASUS.<\/p>\n<p>\n\n\n\n<\/p>\n<p>Id\u0117jos tikslas &#8211; sutvarkyti dal\u012f \u201eMeno sodo\u201c teritorijos \u0161alia Zaras\u0173 Fausto Lat\u0117no meno mokyklos, vietoje senos nesaugios krep\u0161inio aik\u0161tel\u0117s \u012frengti esteti\u0161k\u0105, ap\u0161viest\u0105, daugiafunkcin\u0119 erdv\u0119, tinkam\u0105 \u0161oki\u0173 ir muzikos pasirodymams, sportui, edukacijai, rekreacijai. Norima \u012frengti pasirodym\u0173 scen\u0105, \u0161alia jos &#8211; daugiafunkcin\u0119 aik\u0161tel\u0119, tinkam\u0105 \u017ei\u016brovams arba \u012fvairiems sporto u\u017esi\u0117mimams, edukacin\u0117ms veikloms, taip pat nauj\u0105 modern\u0173 \u017eeldyn\u0105, lauko stal\u0105 su k\u0117d\u0117mis, ap\u0161vietim\u0105, sutvarkyti takus, i\u0161gr\u012fsti trinkel\u0117mis.<br \/>Meno sodo erdve naudosis tiek meno mokyklos bendruomen\u0117, tiek miesto gyventojai ir sve\u010diai. Teritorija yra Zarasuose \u0161alia pagrindin\u0117s Vytauto gatv\u0117s, istorinio obelisko parko, sve\u010di\u0173 nam\u0173, dviej\u0173 mokykl\u0173. Nauja erdv\u0117 gerins miesto \u012fvaizd\u012f, suteiks galimybes kokybi\u0161kesnei rekreacijai, edukacijai, gyventoj\u0173 aktyvumo didinimui, fizin\u0117s ir emocin\u0117s sveikatos gerinimui,<br \/>nusikalstamumo prevencijai. Numatyta teritorija yra didesnio \u201eMeno sodo\u201c dalis, kurio visapusi\u0161ka nauda miestui ir jo gyventojams nuo\u0161ird\u017eiai tikime. Vert\u0117 iki 40 000 Eur.<br \/>Projekto \u012fgyvendinimo vieta ir adresas: Dariaus ir Gir\u0117no g. 11, Zarasai (prie Zaras\u0173 Fausto<br \/>Lat\u0117no meno mokyklos).<br \/>Nuoroda \u012f sklyp\u0105:<br \/>https:\/\/www.google.com\/maps\/d\/u\/0\/viewer?mid=1dAh732_Ph4VRPMBnIBPkezYp1cL1qquL&amp;<br \/>ll=55.732416836363676%2C26.25231869999999&amp;z=19.<\/p>\n<p>\n\n\n\n<\/p>\n<p>\n\n\n\n<\/p>\n<p>\n\n\n<p><\/p>","protected":false},"excerpt":{"rendered":"<p>https:\/\/www.zarasai.lt\/balsavimas Mielieji, \u0161iemet, kaip ir praeitais metais, kvie\u010diame palaikyti m\u016bs\u0173 mokyklos bendruomen\u0117s iniciatyv\u0105 &#8220;Meno sodas&#8221; Zarasuose. Kaip \u017einome, m\u016bs\u0173 vis\u0173 aktyvaus balsavimo d\u0117ka projektas jau yra dalinai \u012fgyvendinamas Zaras\u0173 raj. savivaldyb\u0117s, netrukus tur\u0117t\u0173 b\u016bti prad\u0117ti pirmosios sodo dalies darbai, ta\u010diau visoms id\u0117joms finans\u0173 neu\u017eteks. Tod\u0117l v\u0117l kvie\u010diame balsuoti &#8211; \u0161\u012fkart u\u017e galimyb\u0119 sutvarkyti ir \u012frengti &hellip; <a href=\"https:\/\/zmm.lt\/?p=1380\" class=\"more-link\">Continue reading <span class=\"screen-reader-text\">KVIE\u010cIAME BALSUOTI U\u017d &#8220;MENO SODO&#8221; ZARASUOSE DID\u017dIOSIOS SCENOS \u012eRENGIM\u0104<\/span> <span class=\"meta-nav\">&rarr;<\/span><\/a><\/p>\n","protected":false},"author":1,"featured_media":1399,"comment_status":"open","ping_status":"closed","sticky":false,"template":"","format":"standard","meta":{"footnotes":""},"categories":[1],"tags":[],"class_list":["post-1380","post","type-post","status-publish","format-standard","has-post-thumbnail","hentry","category-uncategorized"],"_links":{"self":[{"href":"https:\/\/zmm.lt\/index.php?rest_route=\/wp\/v2\/posts\/1380","targetHints":{"allow":["GET"]}}],"collection":[{"href":"https:\/\/zmm.lt\/index.php?rest_route=\/wp\/v2\/posts"}],"about":[{"href":"https:\/\/zmm.lt\/index.php?rest_route=\/wp\/v2\/types\/post"}],"author":[{"embeddable":true,"href":"https:\/\/zmm.lt\/index.php?rest_route=\/wp\/v2\/users\/1"}],"replies":[{"embeddable":true,"href":"https:\/\/zmm.lt\/index.php?rest_route=%2Fwp%2Fv2%2Fcomments&post=1380"}],"version-history":[{"count":14,"href":"https:\/\/zmm.lt\/index.php?rest_route=\/wp\/v2\/posts\/1380\/revisions"}],"predecessor-version":[{"id":1401,"href":"https:\/\/zmm.lt\/index.php?rest_route=\/wp\/v2\/posts\/1380\/revisions\/1401"}],"wp:featuredmedia":[{"embeddable":true,"href":"https:\/\/zmm.lt\/index.php?rest_route=\/wp\/v2\/media\/1399"}],"wp:attachment":[{"href":"https:\/\/zmm.lt\/index.php?rest_route=%2Fwp%2Fv2%2Fmedia&parent=1380"}],"wp:term":[{"taxonomy":"category","embeddable":true,"href":"https:\/\/zmm.lt\/index.php?rest_route=%2Fwp%2Fv2%2Fcategories&post=1380"},{"taxonomy":"post_tag","embeddable":true,"href":"https:\/\/zmm.lt\/index.php?rest_route=%2Fwp%2Fv2%2Ftags&post=1380"}],"curies":[{"name":"wp","href":"https:\/\/api.w.org\/{rel}","templated":true}]}}